[{"@context":"https:\/\/schema.org\/","@type":"Article","@id":"https:\/\/www.a4u.sk\/co-na-oci\/#Article","mainEntityOfPage":"https:\/\/www.a4u.sk\/co-na-oci\/","headline":"\u010co na o\u010di?","name":"\u010co na o\u010di?","description":"V\u017edy mi z\u00e1le\u017ealo na tom, ako vyzer\u00e1m a aj ako p\u00f4sob\u00edm na \u013eud\u00ed. Jednoducho som bola tak\u00e1 a vedela som, \u017ee na tom nikdy ni\u010d nezmen\u00edm. Tak\u017ee som sa o to ani pr\u00edli\u0161 nesna\u017eila. Napriek tomu mi bolo jasn\u00e9, \u017ee mus\u00edm urobi\u0165 nie\u010do preto, aby mi v\u0161etko vych\u00e1dzalo pod\u013ea mojich pl\u00e1nov. Tak\u017ee som si bola na istom a vedela som, \u017ee s t\u00fdm proste mus\u00edm nie\u010do urobi\u0165, nech sa deje \u010doko\u013evek. Mala som so sebou r\u00f4zny pl\u00e1ny a bolo pre m\u0148a naozaj \u013eahk\u00e9 nama\u013eova\u0165 sa pod\u013ea toho, ako sa mi to p\u00e1\u010dilo. Tak\u017ee som u\u017e len musela myslie\u0165 na veci, ktor\u00e9 s\u00fa okolo m\u0148a. Ale ja som vedela, \u010do je pre m\u0148a najd\u00f4le\u017eitej\u0161ie. Na \u010dom v\u00e1m z\u00e1le\u017e\u00ed? Mne z\u00e1le\u017ealo hlavne na dlh\u00fdch a kr\u00e1snych mihalniciach. To bolo pre m\u0148a skuto\u010dne d\u00f4le\u017eit\u00e9 a podstatn\u00e9, preto som sa ni\u010d\u00edm in\u00fdm u\u017e ani nezaoberala, aj ke\u010f by som sa asi mala. Ke\u010f\u017ee ma nikto kr\u00e1snymi mihalnicami neobdaroval, musela som si poradi\u0165 sama. E\u0161te \u0161\u0165astie, \u017ee v dne\u0161nej dobe m\u00e1me umel\u00e9 mihalnice a \u017ee m\u0148a zachr\u00e1nil ardell, \u010do je asi t\u00e1 najlep\u0161ia zna\u010dka mihaln\u00edc, ak\u00fa som kedy sk\u00fasila. S\u00fa naozaj neuverite\u013ene \u013eahk\u00e9 a neuverite\u013ene kr\u00e1sna. Som \u0161\u0165astn\u00e1, \u017ee som mala mo\u017enos\u0165 nie\u010do tak\u00e9to vysk\u00fa\u0161a\u0165 a \u017ee to m\u00f4\u017eem st\u00e1le pou\u017e\u00edva\u0165. Vyberte si svoju ve\u013ekos\u0165 M\u00e1m celkom ve\u013ek\u00e9 o\u010di, tak\u017ee som nemala probl\u00e9m s t\u00fdm, ako sa mi na ne zmestia. Ale som \u0161\u0165astn\u00e1, \u017ee m\u00f4\u017eem sk\u00fa\u0161a\u0165 aj r\u00f4zne in\u00e9 veci a proste, \u017ee som tak\u00e1 zru\u010dn\u00e1 a viem sa pekne nama\u013eova\u0165. Mysl\u00edm si, \u017ee je to naozaj perfektn\u00e9 a som za to v\u010fa\u010dn\u00e1. A pre\u010do by som nemala by\u0165? Ve\u010f to je skuto\u010dne nie\u010do, \u010do ma m\u00f4\u017ee bavi\u0165. A mysl\u00edm si, \u017ee to bude bavi\u0165 ka\u017ed\u00fa \u017eenu, ktor\u00e1 sa vyte\u0161uje z r\u00f4znych doplnkov, ktor\u00e9 si na seba m\u00f4\u017ee d\u00e1va\u0165. Som \u0161\u0165astn\u00e1, \u017ee som \u017eena, nebudem nikomu klama\u0165. Na svadb\u00e1ch som v\u017edy za hviezdu, ale to je asi ka\u017ed\u00e9mu jasn\u00e9. Preto je to fajn a te\u0161\u00edm sa z toho. Teraz u\u017e sta\u010d\u00ed len myslie\u0165 na to, \u010do \u010falej. Ako sa m\u00f4\u017eem e\u0161te prirodzene vylep\u0161i\u0165? 4.2\/5 - (11 votes)","datePublished":"2018-06-05","dateModified":"2023-04-28","author":{"@type":"Person","@id":"https:\/\/www.a4u.sk\/author\/#Person","name":"","url":"https:\/\/www.a4u.sk\/author\/","identifier":1,"image":{"@type":"ImageObject","@id":"https:\/\/secure.gravatar.com\/avatar\/6eaf701939e92690bed32d6f2e2c0f9e1355f2e3837c1fb45fbfacf848239e2d?s=96&d=mm&r=g","url":"https:\/\/secure.gravatar.com\/avatar\/6eaf701939e92690bed32d6f2e2c0f9e1355f2e3837c1fb45fbfacf848239e2d?s=96&d=mm&r=g","height":96,"width":96}},"publisher":{"@type":"Organization","name":"a4u.sk","logo":{"@type":"ImageObject","@id":"\/logo.png","url":"\/logo.png","width":600,"height":60}},"image":{"@type":"ImageObject","@id":"https:\/\/www.a4u.sk\/wp-content\/uploads\/img_a288695_w2016_t1529573873.jpg","url":"https:\/\/www.a4u.sk\/wp-content\/uploads\/img_a288695_w2016_t1529573873.jpg","height":0,"width":0},"url":"https:\/\/www.a4u.sk\/co-na-oci\/","about":["Tovar"],"wordCount":440,"articleBody":"   V\u017edy mi z\u00e1le\u017ealo na tom, ako vyzer\u00e1m a aj ako p\u00f4sob\u00edm na \u013eud\u00ed. Jednoducho som bola tak\u00e1 a vedela som, \u017ee na tom nikdy ni\u010d nezmen\u00edm. Tak\u017ee som sa o to ani pr\u00edli\u0161 nesna\u017eila. Napriek tomu mi bolo jasn\u00e9, \u017ee mus\u00edm urobi\u0165 nie\u010do preto, aby mi v\u0161etko vych\u00e1dzalo pod\u013ea mojich pl\u00e1nov. Tak\u017ee som si bola na istom a vedela som, \u017ee s t\u00fdm proste mus\u00edm nie\u010do urobi\u0165, nech sa deje \u010doko\u013evek. Mala som so sebou r\u00f4zny pl\u00e1ny a bolo pre m\u0148a naozaj \u013eahk\u00e9 nama\u013eova\u0165 sa pod\u013ea toho, ako sa mi to p\u00e1\u010dilo. Tak\u017ee som u\u017e len musela myslie\u0165 na veci, ktor\u00e9 s\u00fa okolo m\u0148a. Ale ja som vedela, \u010do je pre m\u0148a najd\u00f4le\u017eitej\u0161ie.Na \u010dom v\u00e1m z\u00e1le\u017e\u00ed? Mne z\u00e1le\u017ealo hlavne na dlh\u00fdch a kr\u00e1snych mihalniciach. To bolo pre m\u0148a skuto\u010dne d\u00f4le\u017eit\u00e9 a podstatn\u00e9, preto som sa ni\u010d\u00edm in\u00fdm u\u017e ani nezaoberala, aj ke\u010f by som sa asi mala. Ke\u010f\u017ee ma nikto kr\u00e1snymi mihalnicami neobdaroval, musela som si poradi\u0165 sama. E\u0161te \u0161\u0165astie, \u017ee v dne\u0161nej dobe m\u00e1me umel\u00e9 mihalnice a \u017ee m\u0148a zachr\u00e1nil ardell, \u010do je asi t\u00e1 najlep\u0161ia zna\u010dka mihaln\u00edc, ak\u00fa som kedy sk\u00fasila. S\u00fa naozaj neuverite\u013ene \u013eahk\u00e9 a neuverite\u013ene kr\u00e1sna. Som \u0161\u0165astn\u00e1, \u017ee som mala mo\u017enos\u0165 nie\u010do tak\u00e9to vysk\u00fa\u0161a\u0165 a \u017ee to m\u00f4\u017eem st\u00e1le pou\u017e\u00edva\u0165.Vyberte si svoju ve\u013ekos\u0165 M\u00e1m celkom ve\u013ek\u00e9 o\u010di, tak\u017ee som nemala probl\u00e9m s t\u00fdm, ako sa mi na ne zmestia. Ale som \u0161\u0165astn\u00e1, \u017ee m\u00f4\u017eem sk\u00fa\u0161a\u0165 aj r\u00f4zne in\u00e9 veci a proste, \u017ee som tak\u00e1 zru\u010dn\u00e1 a viem sa pekne nama\u013eova\u0165. Mysl\u00edm si, \u017ee je to naozaj perfektn\u00e9 a som za to v\u010fa\u010dn\u00e1. A pre\u010do by som nemala by\u0165? Ve\u010f to je skuto\u010dne nie\u010do, \u010do ma m\u00f4\u017ee bavi\u0165. A mysl\u00edm si, \u017ee to bude bavi\u0165 ka\u017ed\u00fa \u017eenu, ktor\u00e1 sa vyte\u0161uje z r\u00f4znych doplnkov, ktor\u00e9 si na seba m\u00f4\u017ee d\u00e1va\u0165. Som \u0161\u0165astn\u00e1, \u017ee som \u017eena, nebudem nikomu klama\u0165. Na svadb\u00e1ch som v\u017edy za hviezdu, ale to je asi ka\u017ed\u00e9mu jasn\u00e9. Preto je to fajn a te\u0161\u00edm sa z toho. Teraz u\u017e sta\u010d\u00ed len myslie\u0165 na to, \u010do \u010falej. Ako sa m\u00f4\u017eem e\u0161te prirodzene vylep\u0161i\u0165?                                                                                                                                                                                                                                                                                                                                                                                          4.2\/5 - (11 votes)        "},{"@context":"https:\/\/schema.org\/","@type":"BreadcrumbList","itemListElement":[{"@type":"ListItem","position":1,"name":"\u010co na o\u010di?","item":"https:\/\/www.a4u.sk\/co-na-oci\/#breadcrumbitem"}]}]