[{"@context":"https:\/\/schema.org\/","@type":"Article","@id":"https:\/\/www.a4u.sk\/mf-arquitetos-vytvara-v-brazilii-modernisticky-dom-inspirovany-murovanou-zahradou\/#Article","mainEntityOfPage":"https:\/\/www.a4u.sk\/mf-arquitetos-vytvara-v-brazilii-modernisticky-dom-inspirovany-murovanou-zahradou\/","headline":"MF+ Arquitetos vytv\u00e1ra v Braz\u00edlii modernistick\u00fd dom in\u0161pirovan\u00fd murovanou z\u00e1hradou","name":"MF+ Arquitetos vytv\u00e1ra v Braz\u00edlii modernistick\u00fd dom in\u0161pirovan\u00fd murovanou z\u00e1hradou","description":"Dom je v\u00a0braz\u00edlskom meste Franca, ktor\u00fd je ovplyvnen\u00fd modernistickou architekt\u00farou krajiny, za domom je lemovan\u00e1 ohraden\u00e1 z\u00e1hrada pln\u00e1 tropick\u00fdch rastl\u00edn. Jednoduch\u00e1 bet\u00f3nov\u00e1 kon\u0161trukcia domu m\u00e1 n\u00edzky profil a\u00a0tr\u00e1vnat\u00fa strechu, ktor\u00e1 zvy\u0161uje jeho spojenie s\u00a0okolitou krajinou. Dreven\u00e1 paluba umo\u017e\u0148uje streche fungova\u0165 ako \u010fal\u0161\u00ed vonkaj\u0161\u00ed priestor a\u00a0\u0161irok\u00e9 \u017eal\u00fazie otv\u00e1raj\u00fa obytn\u00fd priestor do z\u00e1hrady. Budova sa nach\u00e1dza v\u00a0uzavretej komunite na okraji mesta a\u00a0pozost\u00e1va z\u00a0dvoch kr\u00eddiel, ktor\u00e9 tvoria tr\u00e1vnik a\u00a0baz\u00e9n v\u00a0tvare p\u00edsme L. \u201eUsilujeme sa o\u00a0\u00fapln\u00fa integr\u00e1ciu s\u00a0pr\u00edrodou, jednoduchos\u0165ou a\u00a0\u010distotou foriem,\u201c povedali architekti Dezeenovi. \u201eDomov s\u00a0prav\u00fdmi materi\u00e1lmi ako kame\u0148, oce\u013e, bet\u00f3n a\u00a0drevo, ktor\u00e9 prekladaj\u00fa podstatu \u010distoty a\u00a0pr\u00edrodn\u00fdch kr\u00e1s.\u201c Zdv\u00edhan\u00edm \u010dast\u00ed budovy nad okolit\u00fdmi tr\u00e1vnikmi sa architekti sna\u017eili maximalizova\u0165 v\u00fdh\u013eady do ne\u010falek\u00e9ho \u00fadolia. T\u00e1to kon\u0161trukcia tie\u017e vytv\u00e1ra dojem, \u017ee \u010dasti bet\u00f3novej podlahovej dosky sa vzn\u00e1\u0161aj\u00fa nad z\u00e1hradou, \u010do pom\u00e1ha od\u013eah\u010di\u0165 celkov\u00fa estetiku. Dlh\u0161ie z\u00a0dvoch kr\u00eddel obsahuje hlavn\u00fa sp\u00e1l\u0148u, dva suity pre dc\u00e9ry, apartm\u00e1n pre host\u00ed a\u00a0ob\u00fdvaciu izbu a\u00a0jed\u00e1le\u0148. Uzatv\u00e1racie rolety v\u00a0t\u00fdchto izb\u00e1ch tvoria pri zatvoren\u00ed \u00faplne neprieh\u013eadn\u00fd povrch, ale je mo\u017en\u00e9 ich jednotlivo otvori\u0165, aby sa izby spojili so s\u00fakromnou z\u00e1hradou. Kolm\u00e9 kr\u00eddlo obsahuje ve\u013ek\u00fa kuchy\u0148u s\u00a0\u010fal\u0161ou jed\u00e1lenskou \u010das\u0165ou a\u00a0spolo\u010densk\u00fa miestnos\u0165, ktor\u00fa je mo\u017ene otvori\u0165 z\u00a0troch str\u00e1n a\u00a0pou\u017e\u00edva sa predov\u0161etk\u00fdm pri hostovan\u00ed priate\u013eov a\u00a0rodiny. Jedna strana miestnosti sa tiahne na kryt\u00fa terasu s\u00a0bet\u00f3novou lavi\u010dkou s\u00a0v\u00fdh\u013eadom do z\u00e1hrady, zatia\u013e \u010do druh\u00e1 strana sa sp\u00e1ja s\u00a0palubou pri baz\u00e9ne. Dla\u017eby umiestnen\u00e9 do tr\u00e1vnika pred kuchy\u0148ou a\u00a0z\u00e1bavn\u00fdm priestorom poskytuj\u00fa skratku do hlavnej ob\u00fdvacej izby, ku ktorej sa d\u00e1 dosta\u0165 aj z\u00a0chodby, ktor\u00e1 siaha po druhej strane kr\u00eddla sp\u00e1lne. Chodba je pozd\u013a\u017a vonkaj\u0161ej hrany lemovan\u00e1 presklen\u00edm v\u00a0plnej v\u00fd\u0161ke, ktor\u00e9 poskytuje v\u00fdh\u013ead na svie\u017eu vysaden\u00fa murovan\u00fa z\u00e1hradu. 4.1\/5 - (9 votes)","datePublished":"2020-02-21","dateModified":"2023-04-28","author":{"@type":"Person","@id":"https:\/\/www.a4u.sk\/author\/#Person","name":"","url":"https:\/\/www.a4u.sk\/author\/","identifier":1,"image":{"@type":"ImageObject","@id":"https:\/\/secure.gravatar.com\/avatar\/6eaf701939e92690bed32d6f2e2c0f9e1355f2e3837c1fb45fbfacf848239e2d?s=96&d=mm&r=g","url":"https:\/\/secure.gravatar.com\/avatar\/6eaf701939e92690bed32d6f2e2c0f9e1355f2e3837c1fb45fbfacf848239e2d?s=96&d=mm&r=g","height":96,"width":96}},"publisher":{"@type":"Organization","name":"a4u.sk","logo":{"@type":"ImageObject","@id":"\/logo.png","url":"\/logo.png","width":600,"height":60}},"image":{"@type":"ImageObject","@id":"https:\/\/www.a4u.sk\/wp-content\/uploads\/img_a310495_w16903_t1582826695.jpg","url":"https:\/\/www.a4u.sk\/wp-content\/uploads\/img_a310495_w16903_t1582826695.jpg","height":0,"width":0},"url":"https:\/\/www.a4u.sk\/mf-arquitetos-vytvara-v-brazilii-modernisticky-dom-inspirovany-murovanou-zahradou\/","about":["Dom a z\u00e1hrada"],"wordCount":385,"articleBody":"Dom je v\u00a0braz\u00edlskom meste Franca, ktor\u00fd je ovplyvnen\u00fd modernistickou architekt\u00farou krajiny, za domom je lemovan\u00e1 ohraden\u00e1 z\u00e1hrada pln\u00e1 tropick\u00fdch rastl\u00edn.Jednoduch\u00e1 bet\u00f3nov\u00e1 kon\u0161trukcia domu m\u00e1 n\u00edzky profil a\u00a0tr\u00e1vnat\u00fa strechu, ktor\u00e1 zvy\u0161uje jeho spojenie s\u00a0okolitou krajinou.Dreven\u00e1 paluba umo\u017e\u0148uje streche fungova\u0165 ako \u010fal\u0161\u00ed vonkaj\u0161\u00ed priestor a\u00a0\u0161irok\u00e9 \u017eal\u00fazie otv\u00e1raj\u00fa obytn\u00fd priestor do z\u00e1hrady.Budova sa nach\u00e1dza v\u00a0uzavretej komunite na okraji mesta a\u00a0pozost\u00e1va z\u00a0dvoch kr\u00eddiel, ktor\u00e9 tvoria tr\u00e1vnik a\u00a0baz\u00e9n v\u00a0tvare p\u00edsme L.\u201eUsilujeme sa o\u00a0\u00fapln\u00fa integr\u00e1ciu s\u00a0pr\u00edrodou, jednoduchos\u0165ou a\u00a0\u010distotou foriem,\u201c povedali architekti Dezeenovi. \u201eDomov s\u00a0prav\u00fdmi materi\u00e1lmi ako kame\u0148, oce\u013e, bet\u00f3n a\u00a0drevo, ktor\u00e9 prekladaj\u00fa podstatu \u010distoty a\u00a0pr\u00edrodn\u00fdch kr\u00e1s.\u201cZdv\u00edhan\u00edm \u010dast\u00ed budovy nad okolit\u00fdmi tr\u00e1vnikmi sa architekti sna\u017eili maximalizova\u0165 v\u00fdh\u013eady do ne\u010falek\u00e9ho \u00fadolia.T\u00e1to kon\u0161trukcia tie\u017e vytv\u00e1ra dojem, \u017ee \u010dasti bet\u00f3novej podlahovej dosky sa vzn\u00e1\u0161aj\u00fa nad z\u00e1hradou, \u010do pom\u00e1ha od\u013eah\u010di\u0165 celkov\u00fa estetiku.Dlh\u0161ie z\u00a0dvoch kr\u00eddel obsahuje hlavn\u00fa sp\u00e1l\u0148u, dva suity pre dc\u00e9ry, apartm\u00e1n pre host\u00ed a\u00a0ob\u00fdvaciu izbu a\u00a0jed\u00e1le\u0148.Uzatv\u00e1racie rolety v\u00a0t\u00fdchto izb\u00e1ch tvoria pri zatvoren\u00ed \u00faplne neprieh\u013eadn\u00fd povrch, ale je mo\u017en\u00e9 ich jednotlivo otvori\u0165, aby sa izby spojili so s\u00fakromnou z\u00e1hradou.Kolm\u00e9 kr\u00eddlo obsahuje ve\u013ek\u00fa kuchy\u0148u s\u00a0\u010fal\u0161ou jed\u00e1lenskou \u010das\u0165ou a\u00a0spolo\u010densk\u00fa miestnos\u0165, ktor\u00fa je mo\u017ene otvori\u0165 z\u00a0troch str\u00e1n a\u00a0pou\u017e\u00edva sa predov\u0161etk\u00fdm pri hostovan\u00ed priate\u013eov a\u00a0rodiny.Jedna strana miestnosti sa tiahne na kryt\u00fa terasu s\u00a0bet\u00f3novou lavi\u010dkou s\u00a0v\u00fdh\u013eadom do z\u00e1hrady, zatia\u013e \u010do druh\u00e1 strana sa sp\u00e1ja s\u00a0palubou pri baz\u00e9ne.Dla\u017eby umiestnen\u00e9 do tr\u00e1vnika pred kuchy\u0148ou a\u00a0z\u00e1bavn\u00fdm priestorom poskytuj\u00fa skratku do hlavnej ob\u00fdvacej izby, ku ktorej sa d\u00e1 dosta\u0165 aj z\u00a0chodby, ktor\u00e1 siaha po druhej strane kr\u00eddla sp\u00e1lne.Chodba je pozd\u013a\u017a vonkaj\u0161ej hrany lemovan\u00e1 presklen\u00edm v\u00a0plnej v\u00fd\u0161ke, ktor\u00e9 poskytuje v\u00fdh\u013ead na svie\u017eu vysaden\u00fa murovan\u00fa z\u00e1hradu.                                                                                                                                                                                                                                                                                                                                                                                        4.1\/5 - (9 votes)        "},{"@context":"https:\/\/schema.org\/","@type":"BreadcrumbList","itemListElement":[{"@type":"ListItem","position":1,"name":"MF+ Arquitetos vytv\u00e1ra v Braz\u00edlii modernistick\u00fd dom in\u0161pirovan\u00fd murovanou z\u00e1hradou","item":"https:\/\/www.a4u.sk\/mf-arquitetos-vytvara-v-brazilii-modernisticky-dom-inspirovany-murovanou-zahradou\/#breadcrumbitem"}]}]